{"id":2992,"date":"2019-05-17T18:19:30","date_gmt":"2019-05-17T17:19:30","guid":{"rendered":"http:\/\/partas.smecno.eu\/?p=2992"},"modified":"2019-05-17T18:29:57","modified_gmt":"2019-05-17T17:29:57","slug":"den-deti-8-6-2019","status":"publish","type":"post","link":"http:\/\/partas.smecno.eu\/?p=2992","title":{"rendered":"Den d\u011bt\u00ed 8.6.2019"},"content":{"rendered":"\n<p>V\u00e1\u017een\u00ed p\u0159\u00e1tel\u00e9 rodi\u010de a d\u011bti!<\/p>\n\n\n\n<p>Srde\u010dn\u011b V\u00e1z zveme na dal\u0161\u00ed D\u011btsk\u00fd den, kter\u00fd se kon\u00e1 v p\u0159\u00edrodn\u00edm divadle v Li\u0161tici ve Sme\u010dn\u011b. Tentokr\u00e1te se nese na motivy poh\u00e1dky Princezna ze mlejna.<\/p>\n\n\n\n<p>M\u016f\u017eete se t\u011b\u0161it na divadeln\u00ed p\u0159edstaven\u00ed od T\u0159ebivadla v 15:30 hodin. Start bude jako v\u017edy u Salla Terreny v 13:30 hodin. (Posledn\u00ed je ve 15:00 h.) <\/p>\n\n\n\n<p class=\"has-text-color has-vivid-red-color\"> POZOR! Den kon\u00e1n\u00ed je oproti Kulturn\u00edmu programu m\u011bsta zm\u011bn\u011bn na <strong>8.6.2019<\/strong>.<\/p>\n\n\n\n<figure class=\"wp-block-image\"><img loading=\"lazy\" decoding=\"async\" width=\"595\" height=\"842\" src=\"http:\/\/partas.smecno.eu\/wp-content\/uploads\/2019\/05\/plak\u00e1t_Den-d\u011bt\u00ed_2019-2.jpg\" alt=\"\" class=\"wp-image-2999\" srcset=\"http:\/\/partas.smecno.eu\/wp-content\/uploads\/2019\/05\/plak\u00e1t_Den-d\u011bt\u00ed_2019-2.jpg 595w, http:\/\/partas.smecno.eu\/wp-content\/uploads\/2019\/05\/plak\u00e1t_Den-d\u011bt\u00ed_2019-2-212x300.jpg 212w\" sizes=\"auto, (max-width: 595px) 100vw, 595px\" \/><\/figure>\n\n\n\n<p> <\/p>\n","protected":false},"excerpt":{"rendered":"<p>V\u00e1\u017een\u00ed p\u0159\u00e1tel\u00e9 rodi\u010de a d\u011bti! Srde\u010dn\u011b V\u00e1z zveme na dal\u0161\u00ed D\u011btsk\u00fd den, kter\u00fd se kon\u00e1 v p\u0159\u00edrodn\u00edm divadle v Li\u0161tici ve Sme\u010dn\u011b. Tentokr\u00e1te se nese na motivy poh\u00e1dky Princezna ze mlejna. M\u016f\u017eete se t\u011b\u0161it na divadeln\u00ed p\u0159edstaven\u00ed od T\u0159ebivadla v 15:30 hodin. Start bude jako v\u017edy u Salla Terreny v 13:30 hodin. (Posledn\u00ed je ve &hellip; <\/p>\n<p><a class=\"more-link btn\" href=\"http:\/\/partas.smecno.eu\/?p=2992\">Pokra\u010dovat ve \u010dten\u00ed<\/a><\/p>\n","protected":false},"author":4,"featured_media":0,"comment_status":"open","ping_status":"open","sticky":false,"template":"","format":"standard","meta":{"footnotes":""},"categories":[1,18],"tags":[],"class_list":["post-2992","post","type-post","status-publish","format-standard","hentry","category-akce","category-detskyden","item-wrap"],"aioseo_notices":[],"_links":{"self":[{"href":"http:\/\/partas.smecno.eu\/index.php?rest_route=\/wp\/v2\/posts\/2992","targetHints":{"allow":["GET"]}}],"collection":[{"href":"http:\/\/partas.smecno.eu\/index.php?rest_route=\/wp\/v2\/posts"}],"about":[{"href":"http:\/\/partas.smecno.eu\/index.php?rest_route=\/wp\/v2\/types\/post"}],"author":[{"embeddable":true,"href":"http:\/\/partas.smecno.eu\/index.php?rest_route=\/wp\/v2\/users\/4"}],"replies":[{"embeddable":true,"href":"http:\/\/partas.smecno.eu\/index.php?rest_route=%2Fwp%2Fv2%2Fcomments&post=2992"}],"version-history":[{"count":3,"href":"http:\/\/partas.smecno.eu\/index.php?rest_route=\/wp\/v2\/posts\/2992\/revisions"}],"predecessor-version":[{"id":3000,"href":"http:\/\/partas.smecno.eu\/index.php?rest_route=\/wp\/v2\/posts\/2992\/revisions\/3000"}],"wp:attachment":[{"href":"http:\/\/partas.smecno.eu\/index.php?rest_route=%2Fwp%2Fv2%2Fmedia&parent=2992"}],"wp:term":[{"taxonomy":"category","embeddable":true,"href":"http:\/\/partas.smecno.eu\/index.php?rest_route=%2Fwp%2Fv2%2Fcategories&post=2992"},{"taxonomy":"post_tag","embeddable":true,"href":"http:\/\/partas.smecno.eu\/index.php?rest_route=%2Fwp%2Fv2%2Ftags&post=2992"}],"curies":[{"name":"wp","href":"https:\/\/api.w.org\/{rel}","templated":true}]}}